{"id":258,"date":"2011-10-14T03:28:46","date_gmt":"2011-10-14T03:28:46","guid":{"rendered":"http:\/\/leonardocotta.com.br\/blog\/?p=258"},"modified":"2011-10-14T03:28:46","modified_gmt":"2011-10-14T03:28:46","slug":"web-semantica","status":"publish","type":"post","link":"https:\/\/leonardocotta.com.br\/?p=258","title":{"rendered":"Web Sem\u00e2ntica"},"content":{"rendered":"<p>Resumo:<br \/>\nO conceito de Web Sem\u00e2ntica sugere que a Web se possa tornar mais inteligente e intuitiva em rela\u00e7\u00e3o \u00e0s necessidades do utilizador, pela utiliza\u00e7\u00e3o de t\u00e9cnicas de descri\u00e7\u00e3o de conte\u00fados e de caracteriza\u00e7\u00e3o de contextos. Os mecanismos a introduzir aplicam-se em diversos dom\u00ednios \u2013 infer\u00eancia no contexto, hierarquiza\u00e7\u00e3o da informa\u00e7\u00e3o, acesso \u00e0 informa\u00e7\u00e3o em arquiteturas abertas e distribu\u00eddas \u2013 com relev\u00e2ncia presente e futura, nomeadamente no aumento de efici\u00eancia dos processos de trabalho.<br \/>\nO objectivo desta cadeira consiste na introdu\u00e7\u00e3o do conceito de Web Sem\u00e2ntica e das tecnologias associadas, com especial destaque para as linguagens de representa\u00e7\u00e3o de conhecimento e para a forma de organiza\u00e7\u00e3o desse conhecimento \u2013 Ontologias. Pretende-se que o aluno seja capaz de desenvolver sistemas que utilizem a Web Sem\u00e2ntica como base de conhecimento e que perceba como os sistemas inform\u00e1ticos podem \u201ccompreender\u201d p\u00e1ginas web autonomamente, utilizando, por exemplo, t\u00e9cnicas de Processamento de Linguagem Natural.<!--more--><\/p>\n<p>&nbsp;<\/p>\n","protected":false},"excerpt":{"rendered":"<p>Resumo: O conceito de Web Sem\u00e2ntica sugere que a Web se possa tornar mais inteligente e intuitiva em rela\u00e7\u00e3o \u00e0s necessidades do utilizador, pela utiliza\u00e7\u00e3o de t\u00e9cnicas de descri\u00e7\u00e3o de conte\u00fados e de caracteriza\u00e7\u00e3o de contextos. Os mecanismos a introduzir aplicam-se em diversos dom\u00ednios \u2013 infer\u00eancia no contexto, hierarquiza\u00e7\u00e3o da informa\u00e7\u00e3o, acesso \u00e0 informa\u00e7\u00e3o em &hellip; <a href=\"https:\/\/leonardocotta.com.br\/?p=258\" class=\"more-link\">Continue reading <span class=\"screen-reader-text\">Web Sem\u00e2ntica<\/span> <span class=\"meta-nav\">&rarr;<\/span><\/a><\/p>\n","protected":false},"author":1,"featured_media":0,"comment_status":"open","ping_status":"closed","sticky":false,"template":"","format":"standard","meta":{"_monsterinsights_skip_tracking":false,"_monsterinsights_sitenote_active":false,"_monsterinsights_sitenote_note":"","_monsterinsights_sitenote_category":0,"footnotes":""},"categories":[35,8,12,20,29,31],"tags":[61,74,97,98,99,116,131,175,207,228,229,230,231,236,262,269,271,285],"class_list":["post-258","post","type-post","status-publish","format-standard","hentry","category-artigos","category-carreira","category-geral","category-programacao","category-tema-tcc","category-videos","tag-a-web-semantica","tag-banco-de-dados","tag-dados","tag-dados-vinculados","tag-dados-vinculados-e-otimo","tag-eua","tag-google","tag-metadados","tag-php","tag-rdfa","tag-rdql","tag-rede-social","tag-redes-sociais","tag-semantic","tag-tim-berners-lee","tag-video","tag-web","tag-xml"],"aioseo_notices":[],"_links":{"self":[{"href":"https:\/\/leonardocotta.com.br\/index.php?rest_route=\/wp\/v2\/posts\/258","targetHints":{"allow":["GET"]}}],"collection":[{"href":"https:\/\/leonardocotta.com.br\/index.php?rest_route=\/wp\/v2\/posts"}],"about":[{"href":"https:\/\/leonardocotta.com.br\/index.php?rest_route=\/wp\/v2\/types\/post"}],"author":[{"embeddable":true,"href":"https:\/\/leonardocotta.com.br\/index.php?rest_route=\/wp\/v2\/users\/1"}],"replies":[{"embeddable":true,"href":"https:\/\/leonardocotta.com.br\/index.php?rest_route=%2Fwp%2Fv2%2Fcomments&post=258"}],"version-history":[{"count":0,"href":"https:\/\/leonardocotta.com.br\/index.php?rest_route=\/wp\/v2\/posts\/258\/revisions"}],"wp:attachment":[{"href":"https:\/\/leonardocotta.com.br\/index.php?rest_route=%2Fwp%2Fv2%2Fmedia&parent=258"}],"wp:term":[{"taxonomy":"category","embeddable":true,"href":"https:\/\/leonardocotta.com.br\/index.php?rest_route=%2Fwp%2Fv2%2Fcategories&post=258"},{"taxonomy":"post_tag","embeddable":true,"href":"https:\/\/leonardocotta.com.br\/index.php?rest_route=%2Fwp%2Fv2%2Ftags&post=258"}],"curies":[{"name":"wp","href":"https:\/\/api.w.org\/{rel}","templated":true}]}}