{"id":175,"date":"2011-09-13T20:21:20","date_gmt":"2011-09-13T20:21:20","guid":{"rendered":"http:\/\/leonardocotta.com.br\/blog\/?p=175"},"modified":"2011-09-13T20:21:20","modified_gmt":"2011-09-13T20:21:20","slug":"diadoprogramador","status":"publish","type":"post","link":"https:\/\/leonardocotta.com.br\/?p=175","title":{"rendered":"#DiadoProgramador:"},"content":{"rendered":"<p>#DiadoProgramador: o Dia do Programador \u00e9 comemorado no 256\u00ba dia do ano. O n\u00famero corresponde a 2 elevado \u00e0 oitava pot\u00eancia, e 8 \u00e9 o numero de bits em um byte. A data, que este ano cai nesta ter\u00e7a-feira (13), \u00e9 comemorada por profissionais da \u00e1rea de tecnologia, mesmo pelos que n\u00e3o conhecem a complicada explica\u00e7\u00e3o para a escolha do dia.<\/p>\n<p><!--more--><br \/>\nFonte:http:\/\/g1.globo.com\/tecnologia\/noticia\/2011\/09\/assuntos-do-dia-no-twitter-terca-feira-1392011.html<\/p>\n","protected":false},"excerpt":{"rendered":"<p>#DiadoProgramador: o Dia do Programador \u00e9 comemorado no 256\u00ba dia do ano. O n\u00famero corresponde a 2 elevado \u00e0 oitava pot\u00eancia, e 8 \u00e9 o numero de bits em um byte. A data, que este ano cai nesta ter\u00e7a-feira (13), \u00e9 comemorada por profissionais da \u00e1rea de tecnologia, mesmo pelos que n\u00e3o conhecem a complicada &hellip; <a href=\"https:\/\/leonardocotta.com.br\/?p=175\" class=\"more-link\">Continue reading <span class=\"screen-reader-text\">#DiadoProgramador:<\/span> <span class=\"meta-nav\">&rarr;<\/span><\/a><\/p>\n","protected":false},"author":1,"featured_media":0,"comment_status":"open","ping_status":"closed","sticky":false,"template":"","format":"standard","meta":{"_monsterinsights_skip_tracking":false,"_monsterinsights_sitenote_active":false,"_monsterinsights_sitenote_note":"","_monsterinsights_sitenote_category":0,"footnotes":""},"categories":[26],"tags":[56],"class_list":["post-175","post","type-post","status-publish","format-standard","hentry","category-sem-categoria","tag-diadoprogramador"],"aioseo_notices":[],"_links":{"self":[{"href":"https:\/\/leonardocotta.com.br\/index.php?rest_route=\/wp\/v2\/posts\/175","targetHints":{"allow":["GET"]}}],"collection":[{"href":"https:\/\/leonardocotta.com.br\/index.php?rest_route=\/wp\/v2\/posts"}],"about":[{"href":"https:\/\/leonardocotta.com.br\/index.php?rest_route=\/wp\/v2\/types\/post"}],"author":[{"embeddable":true,"href":"https:\/\/leonardocotta.com.br\/index.php?rest_route=\/wp\/v2\/users\/1"}],"replies":[{"embeddable":true,"href":"https:\/\/leonardocotta.com.br\/index.php?rest_route=%2Fwp%2Fv2%2Fcomments&post=175"}],"version-history":[{"count":0,"href":"https:\/\/leonardocotta.com.br\/index.php?rest_route=\/wp\/v2\/posts\/175\/revisions"}],"wp:attachment":[{"href":"https:\/\/leonardocotta.com.br\/index.php?rest_route=%2Fwp%2Fv2%2Fmedia&parent=175"}],"wp:term":[{"taxonomy":"category","embeddable":true,"href":"https:\/\/leonardocotta.com.br\/index.php?rest_route=%2Fwp%2Fv2%2Fcategories&post=175"},{"taxonomy":"post_tag","embeddable":true,"href":"https:\/\/leonardocotta.com.br\/index.php?rest_route=%2Fwp%2Fv2%2Ftags&post=175"}],"curies":[{"name":"wp","href":"https:\/\/api.w.org\/{rel}","templated":true}]}}