{"id":164,"date":"2011-08-03T21:22:38","date_gmt":"2011-08-03T21:22:38","guid":{"rendered":"http:\/\/leonardocotta.com.br\/blog\/?p=164"},"modified":"2011-08-03T21:22:38","modified_gmt":"2011-08-03T21:22:38","slug":"interessante-leiam-web-semantica-nao-precisa-ser-complicada","status":"publish","type":"post","link":"https:\/\/leonardocotta.com.br\/?p=164","title":{"rendered":"Interessante&#8230;Leiam Web sem\u00e2ntica n\u00e3o precisa ser complicada"},"content":{"rendered":"<p>Web sem\u00e2ntica \u00e9 um conjunto de tecnologias que permite interligar dados na web. Dessa forma, bem simples, Ivan Herman, respons\u00e1vel pelos estudos de web sem\u00e2ntica do W3C, definiu o conceito, visto por muito anos como um enigma.<\/p>\n<p><!--more--><\/p>\n<p>O pesquisador participou como palestrante do Caf\u00e9 com Browser, evento organizado pelo escrit\u00f3rio do W3C Brasil, na manh\u00e3 desta sexta-feira, em S\u00e3o Paulo.<\/p>\n<p>Por um conjunto de tecnologias, entenda-se algumas j\u00e1 existentes, como RDF e SPARQL. E por dados, informa\u00e7\u00f5es p\u00fablicas de todo tipo em formato aberto.<\/p>\n<p>Como exemplo pr\u00e1tico, Herman citou a BBC Music, que utiliza informa\u00e7\u00f5es de banco de dados abertos para construir o seu site. Os perfis dos artistas, por exemplo, s\u00e3o criados com conte\u00fado do verbete equivalente na Wikipedia, al\u00e9m de m\u00fasicas dispon\u00edveis no MusicBrainz.<\/p>\n<p>Segundo ele, at\u00e9 hoje o conceito de web sem\u00e2ntica assusta muita gente. Isso acontece porque, em seu in\u00edcio, ele foi explicado de forma errada, muito complicada. Deu-se muita \u00eanfase \u00e0 quest\u00e3o da ontologia.<\/p>\n<p>Parecia que eram necess\u00e1rios diversos doutores e PhDs para poder desenvolver algo ligado \u00e0 web sem\u00e2ntica, enquanto que as coisas poderiam ser bem mais simples.<\/p>\n<p>As tecnologias para a realiza\u00e7\u00e3o da web sem\u00e2ntica j\u00e1 existem. RDF, tecnologia que permite a interliga\u00e7\u00e3o de dados, por exemplo, existe desde 1999 e a sua estrutura n\u00e3o \u00e9 dif\u00edcil de ser explorada e estudada, segundo Herman.<\/p>\n<p>&nbsp;<\/p>\n<p>Para ele, um ponto de virada em rela\u00e7\u00e3o ao conceito de web sem\u00e2ntica aconteceu em 2008, quando o movimento sobre <a href=\"http:\/\/www.ted.com\/talks\/lang\/por_br\/tim_berners_lee_on_the_next_web.html\" target=\"_blank\" rel=\"noopener\">linked data<\/a> (dados interligados) passou a descomplicar o discurso.<\/p>\n<p>Neste sentido, uma s\u00e9rie de confer\u00eancias sobre web sem\u00e2ntica  realizadas nos EUA, voltadas mais para neg\u00f3cios, ajudou a desmitificar o  conceito.<\/p>\n<p>Al\u00e9m de descomplicar, o que achei interessante na apresenta\u00e7\u00e3o de Herman foi que ele levantou a quest\u00e3o do \u201c<a href=\"http:\/\/www.cidade.usp.br\/redemoinhos\/1702\/noticias.php\" target=\"_blank\" rel=\"noopener\">efeito de rede<\/a>\u201d nos dados.<\/p>\n<p>\u201c<a href=\"http:\/\/www.cidade.usp.br\/redemoinhos\/1702\/noticias.php\" target=\"_blank\" rel=\"noopener\">Efeito de rede<\/a>\u201d  \u00e9 uma din\u00e2mica bem comum na internet. O valor que um usu\u00e1rio d\u00e1 a um  produto depende de quantas outras pessoas est\u00e3o usando-o. Por exemplo,  quanto mais pessoas utilizam o Facebook e o  Google, melhores eles  ficam, mais sentido h\u00e1 em us\u00e1-los<\/p>\n<p>A mesma coisa acontece com os dados, quanto mais pessoas os utilizam, mais valiosos eles ficam. Recentes <a href=\"http:\/\/www.w3.org\/2001\/sw\/sweo\/public\/UseCases\/\" target=\"_blank\" rel=\"noopener\">projetos de web sem\u00e2ntica<\/a> t\u00eam deixado isso bem claro.<\/p>\n<p>Durante a apresenta\u00e7\u00e3o e as posteriores perguntas do p\u00fablico, Herman  deixou de lado a bola de cristal, optou por n\u00e3o prever o futuro dos  \u201cdados interligados\u201d.<\/p>\n<p>Mas cogitou que a web sem\u00e2ntica vai enfrentar alguns desafios, como a  pr\u00f3pria quest\u00e3o da privacidade e da \u00e9tica no uso dos dados. Quando voc\u00ea  disponibiliza dados p\u00fablicos na web, abre espa\u00e7o para que eles sejam  usados de todas as formas inimagin\u00e1veis.<\/p>\n<p>Al\u00e9m de, claro, um problema comum a outras \u00e1reas do conhecimento.  Apesar da web sem\u00e2ntica ser algo descomplicado, na sua vis\u00e3o, ainda  faltam especialistas na \u00e1rea, pessoas que entendam as tecnologias e  realmente saibam colocar a m\u00e3o na massa.<\/p>\n<p><em>Para quem quiser, d\u00e1 para baixar os <a href=\"http:\/\/www.w3.org\/2010\/Talks\/1015-SaoPaulo-SemCafe-IH\/\" target=\"_blank\" rel=\"noopener\">slides da apresenta\u00e7\u00e3o<\/a> de Herman.<\/em><\/p>\n<p>&nbsp;<\/p>\n<p>http:\/\/www.tiagodoria.ig.com.br\/tag\/w3c\/<\/p>\n","protected":false},"excerpt":{"rendered":"<p>Web sem\u00e2ntica \u00e9 um conjunto de tecnologias que permite interligar dados na web. Dessa forma, bem simples, Ivan Herman, respons\u00e1vel pelos estudos de web sem\u00e2ntica do W3C, definiu o conceito, visto por muito anos como um enigma.<\/p>\n","protected":false},"author":1,"featured_media":0,"comment_status":"open","ping_status":"closed","sticky":false,"template":"","format":"standard","meta":{"_monsterinsights_skip_tracking":false,"_monsterinsights_sitenote_active":false,"_monsterinsights_sitenote_note":"","_monsterinsights_sitenote_category":0,"footnotes":""},"categories":[26],"tags":[279],"class_list":["post-164","post","type-post","status-publish","format-standard","hentry","category-sem-categoria","tag-web-semantica-nao-precisa-ser-complicada"],"aioseo_notices":[],"_links":{"self":[{"href":"https:\/\/leonardocotta.com.br\/index.php?rest_route=\/wp\/v2\/posts\/164","targetHints":{"allow":["GET"]}}],"collection":[{"href":"https:\/\/leonardocotta.com.br\/index.php?rest_route=\/wp\/v2\/posts"}],"about":[{"href":"https:\/\/leonardocotta.com.br\/index.php?rest_route=\/wp\/v2\/types\/post"}],"author":[{"embeddable":true,"href":"https:\/\/leonardocotta.com.br\/index.php?rest_route=\/wp\/v2\/users\/1"}],"replies":[{"embeddable":true,"href":"https:\/\/leonardocotta.com.br\/index.php?rest_route=%2Fwp%2Fv2%2Fcomments&post=164"}],"version-history":[{"count":0,"href":"https:\/\/leonardocotta.com.br\/index.php?rest_route=\/wp\/v2\/posts\/164\/revisions"}],"wp:attachment":[{"href":"https:\/\/leonardocotta.com.br\/index.php?rest_route=%2Fwp%2Fv2%2Fmedia&parent=164"}],"wp:term":[{"taxonomy":"category","embeddable":true,"href":"https:\/\/leonardocotta.com.br\/index.php?rest_route=%2Fwp%2Fv2%2Fcategories&post=164"},{"taxonomy":"post_tag","embeddable":true,"href":"https:\/\/leonardocotta.com.br\/index.php?rest_route=%2Fwp%2Fv2%2Ftags&post=164"}],"curies":[{"name":"wp","href":"https:\/\/api.w.org\/{rel}","templated":true}]}}