{"id":155,"date":"2011-08-03T21:18:39","date_gmt":"2011-08-03T21:18:39","guid":{"rendered":"http:\/\/leonardocotta.com.br\/blog\/?p=155"},"modified":"2011-08-03T21:18:39","modified_gmt":"2011-08-03T21:18:39","slug":"web-semantica-mais-uma-breve-apresentacao","status":"publish","type":"post","link":"https:\/\/leonardocotta.com.br\/?p=155","title":{"rendered":"Web Semantica &#8211; Mais uma breve apresenta\u00e7\u00e3o"},"content":{"rendered":"<p>A Web Sem\u00e2ntica \u00e9 uma rede de dados. H\u00e1 muitos dados que todos n\u00f3s usamos todos os dias, e n\u00e3o \u00e9 parte da web. Posso ver meus extratos banc\u00e1rios na Web, e as minhas fotografias, e eu posso ver os meus compromissos em um calend\u00e1rio. Mas eu posso ver minhas fotos em um calend\u00e1rio para ver que eu estava fazendo quando eu tirei-los? Posso ver as linhas extrato banc\u00e1rio em uma agenda?<\/p>\n<p><!--more--><\/p>\n<p>Por que n\u00e3o? Porque n\u00e3o temos uma rede de dados. Porque os dados s\u00e3o controlados pelas aplica\u00e7\u00f5es, e cada aplicativo mant\u00e9m a si mesmo.<\/p>\n<p>A Web Sem\u00e2ntica \u00e9 sobre duas coisas. \u00c9 sobre formatos comuns de integra\u00e7\u00e3o e combina\u00e7\u00e3o de dados provenientes de diversas fontes, onde na Web original concentrado principalmente no interc\u00e2mbio de documentos. \u00c9 tamb\u00e9m sobre a linguagem para a grava\u00e7\u00e3o como os dados se relaciona com objetos do mundo real. Que permite que uma pessoa ou uma m\u00e1quina, para come\u00e7ar em um banco de dados, e ent\u00e3o se mover atrav\u00e9s de um conjunto intermin\u00e1vel de bases de dados que est\u00e3o ligados n\u00e3o por fios, mas por ser sobre a mesma coisa.<\/p>\n","protected":false},"excerpt":{"rendered":"<p>A Web Sem\u00e2ntica \u00e9 uma rede de dados. H\u00e1 muitos dados que todos n\u00f3s usamos todos os dias, e n\u00e3o \u00e9 parte da web. Posso ver meus extratos banc\u00e1rios na Web, e as minhas fotografias, e eu posso ver os meus compromissos em um calend\u00e1rio. Mas eu posso ver minhas fotos em um calend\u00e1rio para &hellip; <a href=\"https:\/\/leonardocotta.com.br\/?p=155\" class=\"more-link\">Continue reading <span class=\"screen-reader-text\">Web Semantica &#8211; Mais uma breve apresenta\u00e7\u00e3o<\/span> <span class=\"meta-nav\">&rarr;<\/span><\/a><\/p>\n","protected":false},"author":1,"featured_media":0,"comment_status":"open","ping_status":"closed","sticky":false,"template":"","format":"standard","meta":{"_monsterinsights_skip_tracking":false,"_monsterinsights_sitenote_active":false,"_monsterinsights_sitenote_note":"","_monsterinsights_sitenote_category":0,"footnotes":""},"categories":[26],"tags":[270,278],"class_list":["post-155","post","type-post","status-publish","format-standard","hentry","category-sem-categoria","tag-w3c","tag-web-semantica"],"aioseo_notices":[],"_links":{"self":[{"href":"https:\/\/leonardocotta.com.br\/index.php?rest_route=\/wp\/v2\/posts\/155","targetHints":{"allow":["GET"]}}],"collection":[{"href":"https:\/\/leonardocotta.com.br\/index.php?rest_route=\/wp\/v2\/posts"}],"about":[{"href":"https:\/\/leonardocotta.com.br\/index.php?rest_route=\/wp\/v2\/types\/post"}],"author":[{"embeddable":true,"href":"https:\/\/leonardocotta.com.br\/index.php?rest_route=\/wp\/v2\/users\/1"}],"replies":[{"embeddable":true,"href":"https:\/\/leonardocotta.com.br\/index.php?rest_route=%2Fwp%2Fv2%2Fcomments&post=155"}],"version-history":[{"count":0,"href":"https:\/\/leonardocotta.com.br\/index.php?rest_route=\/wp\/v2\/posts\/155\/revisions"}],"wp:attachment":[{"href":"https:\/\/leonardocotta.com.br\/index.php?rest_route=%2Fwp%2Fv2%2Fmedia&parent=155"}],"wp:term":[{"taxonomy":"category","embeddable":true,"href":"https:\/\/leonardocotta.com.br\/index.php?rest_route=%2Fwp%2Fv2%2Fcategories&post=155"},{"taxonomy":"post_tag","embeddable":true,"href":"https:\/\/leonardocotta.com.br\/index.php?rest_route=%2Fwp%2Fv2%2Ftags&post=155"}],"curies":[{"name":"wp","href":"https:\/\/api.w.org\/{rel}","templated":true}]}}