{"id":1088,"date":"2012-10-16T15:26:31","date_gmt":"2012-10-16T15:26:31","guid":{"rendered":"http:\/\/leonardocotta.com.br\/blog\/?p=1088"},"modified":"2012-10-16T15:26:31","modified_gmt":"2012-10-16T15:26:31","slug":"inscricoes-abertas-para-a-conferencia-web-w3c-brasil-2012","status":"publish","type":"post","link":"https:\/\/leonardocotta.com.br\/?p=1088","title":{"rendered":"Inscri\u00e7\u00f5es abertas para a Confer\u00eancia Web W3C Brasil 2012"},"content":{"rendered":"<p style=\"color:#000000;font-family:arial, sans-serif;line-height:normal;background-color:#ffffff;\"><a style=\"color:#1155cc;\" href=\"http:\/\/conferenciaweb.w3c.br\/inscricoes\/\" target=\"_blank\" rel=\"noopener\"><br class=\"Apple-interchange-newline\" \/><img loading=\"lazy\" decoding=\"async\" src=\"http:\/\/conferenciaweb.w3c.br\/wp-content\/uploads\/2012\/08\/logo.png\" alt=\"Confer\u00eancia Web W3C Brasil 2012\" width=\"178\" height=\"78\" \/><\/a><\/p>\n<p style=\"color:#000000;font-family:arial, sans-serif;line-height:normal;background-color:#ffffff;\"><a style=\"color:#1155cc;\" href=\"http:\/\/conferenciaweb.w3c.br\/inscricoes\/\" target=\"_blank\" rel=\"noopener\">As inscri\u00e7\u00f5es para a Confer\u00eancia Web W3C Brasil 2012 est\u00e3o abertas.<\/a>\u00a0Ser\u00e3o tr\u00eas dias de debates (18, 19 e 20 de outubro de 2012) e apresenta\u00e7\u00f5es sobre os mais diversos temas relacionados a Open Web Plataform: HTML5 e Marketing Digital, Sem\u00e2ntica, SEO e HTML5, Web TV, Acessibilidade, Mobile Web, Web al\u00e9m dos dispositivos e muito mais.<\/p>\n<p style=\"color:#000000;font-family:arial, sans-serif;line-height:normal;background-color:#ffffff;\"><a style=\"color:#1155cc;\" href=\"http:\/\/conferenciaweb.w3c.br\/programacao\/\" target=\"_blank\" rel=\"noopener\">A programa\u00e7\u00e3o da 4\u00aa Confer\u00eancia Web W3C Brasil est\u00e1 no ar<\/a>.\u00a0 Na quinta-feira, dia 18 de outubro, o evento \u00e9 iniciado com uma mesa redonda que abordar\u00e1 o seguinte tema: Estamos usando HTML5. E agora?\u00a0 Quais os impactos reais do uso de ferramentas da Open Web Platform no dia-a-dia dos profissionais que lidam com Interface, que contar\u00e1 com a participa\u00e7\u00e3o de\u00a0\u00a0<a style=\"color:#1155cc;\" title=\"Interney\" href=\"http:\/\/meadiciona.com\/interney\" target=\"_blank\" rel=\"noopener\">Edney Souza (interney)<\/a>,\u00a0<a style=\"color:#1155cc;\" title=\"koji\" href=\"http:\/\/conferenciaweb.w3c.br\/programacao\/\" target=\"_blank\" rel=\"noopener\">Koji Niemeyer (Designer UX do Google)\u00a0<\/a>e<a style=\"color:#1155cc;\" title=\"Daniel Filho\" href=\"http:\/\/www.linkedin.com\/in\/danielfilho\" target=\"_blank\" rel=\"noopener\">Daniel Filho<\/a>\u00a0(Programador de Interface Senior at iG).<\/p>\n<p style=\"color:#000000;font-family:arial, sans-serif;line-height:normal;background-color:#ffffff;\">Um dos Keynote Speakers do evento ser\u00e1\u00a0<a style=\"color:#1155cc;\" href=\"https:\/\/twitter.com\/JeanneHolm\" target=\"_blank\" rel=\"noopener\">Jeanne Holm<\/a>, Arquiteta Chefe de Sistema do Jet Propulsion Laboratory da NASA, Evangelizadora do Data.Gov (um projeto emblem\u00e1tico de governo aberto para a Casa Branca gerenciado pela GSA) e l\u00edder na colabora\u00e7\u00e3o e constru\u00e7\u00e3o de comunidades com o p\u00fablico, educadores, desenvolvedores e no \u00e2mbito internacional e governamental no uso de dados abertos.<\/p>\n<p style=\"color:#000000;font-family:arial, sans-serif;line-height:normal;background-color:#ffffff;\">O segundo dia do evento, 19 de outubro, ser\u00e1 iniciado com uma oficina, com\u00a0<a style=\"color:#1155cc;\" href=\"https:\/\/twitter.com\/fabioflat\" target=\"_blank\" rel=\"noopener\">F\u00e1bio Flatschart<\/a>\u00a0sobre HTML5 e Marketing Digital e um tutorial com\u00a0<a style=\"color:#1155cc;\" href=\"https:\/\/twitter.com\/zenorocha\" target=\"_blank\" rel=\"noopener\">Zeno Rocha<\/a>, sobre Open Web Plataform.<\/p>\n<p style=\"color:#000000;font-family:arial, sans-serif;line-height:normal;background-color:#ffffff;\">\u00c0 tarde, seis mesas diferentes v\u00e3o rolar:\u00a0 O estado da arte da WebTV \u2013 as possibilidades e os desafios, com<a style=\"color:#1155cc;\" href=\"https:\/\/twitter.com\/thiagotpc\" target=\"_blank\" rel=\"noopener\">Thiago TPC<\/a>,\u00a0 O \u201cMobile First\u201d bate \u00e0 sua porta, aproveite,\u00a0 com\u00a0<a style=\"color:#1155cc;\" href=\"https:\/\/twitter.com\/horaciosoares\" target=\"_blank\" rel=\"noopener\">Hor\u00e1cio Soares<\/a>, A verdadeira sem\u00e2ntica do HTML5 com\u00a0<a style=\"color:#1155cc;\" href=\"https:\/\/twitter.com\/diegoeis\" target=\"_blank\" rel=\"noopener\">Diego Eis<\/a>, SEO e HTML5 com\u00a0<a style=\"color:#1155cc;\" href=\"https:\/\/twitter.com\/GugaAlves\" target=\"_blank\" rel=\"noopener\">Guga Alves<\/a>\u00a0, A Web Al\u00e9m dos dispositivos com\u00a0<a style=\"color:#1155cc;\" href=\"https:\/\/twitter.com\/cbachini\" target=\"_blank\" rel=\"noopener\">Cl\u00e9cio Bachini<\/a>\u00a0e Acessibilidade nos s\u00edtios governamentais com\u00a0<a style=\"color:#1155cc;\" href=\"https:\/\/twitter.com\/icarosantos\" target=\"_blank\" rel=\"noopener\">\u00cdcaro Oleg\u00e1rio<\/a>. Logo ap\u00f3s o almo\u00e7o,\u00a0<a style=\"color:#1155cc;\" title=\"Interney\" href=\"http:\/\/meadiciona.com\/interney\" target=\"_blank\" rel=\"noopener\">Edney Souza (interney)<\/a>\u00a0fala sobre empreendedorismo na era da Open Web Plataform.<\/p>\n<p style=\"color:#000000;font-family:arial, sans-serif;line-height:normal;background-color:#ffffff;\">No ultimo dia da Confer\u00eancia Web W3C Brasil 2012, teremos um espa\u00e7o aberto para o\u00a0<a style=\"color:#1155cc;\" href=\"http:\/\/conferenciaweb.w3c.br\/programacao\/#openweb\" target=\"_blank\" rel=\"noopener\">Momento BrazilJS<\/a>\u00a0:\u00a0 Plataforma Aberta da Web \u2013 Cases &amp; Live Coding, com palestras de\u00a0<a style=\"color:#1155cc;\" href=\"https:\/\/twitter.com\/zenorocha\" target=\"_blank\" rel=\"noopener\">Zeno Rocha<\/a>,\u00a0<a style=\"color:#1155cc;\" href=\"https:\/\/twitter.com\/bernarddeluna\" target=\"_blank\" rel=\"noopener\">Bernard de Luna<\/a>\u00a0e\u00a0<a style=\"color:#1155cc;\" href=\"https:\/\/twitter.com\/felipenmoura\" target=\"_blank\" rel=\"noopener\">Felipe Nascimento<\/a>. Ser\u00e1 uma oportunidade onde grandes especialistas em desenvolvimento web v\u00e3o explorar ao m\u00e1ximo as possibilidades de desenvolvimento da Plataforma Aberta da Web.<\/p>\n<p style=\"color:#000000;font-family:arial, sans-serif;line-height:normal;background-color:#ffffff;\">As inscri\u00e7\u00f5es e a programa\u00e7\u00e3o completa do evento est\u00e3o abertas em\u00a0<a style=\"color:#1155cc;\" href=\"http:\/\/conferenciaweb.w3c.br\/\" target=\"_blank\" rel=\"noopener\">http:\/\/conferenciaweb.w3c.br\/<\/a><\/p>\n<p>via<a href=\"http:\/\/tableless.com.br\/inscricoes-abertas-para-a-conferencia-web-w3c-brasil-2012\/\">Inscri\u00e7\u00f5es abertas para a Confer\u00eancia Web W3C Brasil 2012<\/a>.<\/p>\n","protected":false},"excerpt":{"rendered":"<p>As inscri\u00e7\u00f5es para a Confer\u00eancia Web W3C Brasil 2012 est\u00e3o abertas.\u00a0Ser\u00e3o tr\u00eas dias de debates (18, 19 e 20 de outubro de 2012) e apresenta\u00e7\u00f5es sobre os mais diversos temas relacionados a Open Web Plataform: HTML5 e Marketing Digital, Sem\u00e2ntica, SEO e HTML5, Web TV, Acessibilidade, Mobile Web, Web al\u00e9m dos dispositivos e muito mais. &hellip; <a href=\"https:\/\/leonardocotta.com.br\/?p=1088\" class=\"more-link\">Continue reading <span class=\"screen-reader-text\">Inscri\u00e7\u00f5es abertas para a Confer\u00eancia Web W3C Brasil 2012<\/span> <span class=\"meta-nav\">&rarr;<\/span><\/a><\/p>\n","protected":false},"author":1,"featured_media":0,"comment_status":"open","ping_status":"closed","sticky":false,"template":"","format":"standard","meta":{"_monsterinsights_skip_tracking":false,"_monsterinsights_sitenote_active":false,"_monsterinsights_sitenote_note":"","_monsterinsights_sitenote_category":0,"footnotes":""},"categories":[17],"tags":[92,270],"class_list":["post-1088","post","type-post","status-publish","format-standard","hentry","category-noticias","tag-conferencia","tag-w3c"],"aioseo_notices":[],"_links":{"self":[{"href":"https:\/\/leonardocotta.com.br\/index.php?rest_route=\/wp\/v2\/posts\/1088","targetHints":{"allow":["GET"]}}],"collection":[{"href":"https:\/\/leonardocotta.com.br\/index.php?rest_route=\/wp\/v2\/posts"}],"about":[{"href":"https:\/\/leonardocotta.com.br\/index.php?rest_route=\/wp\/v2\/types\/post"}],"author":[{"embeddable":true,"href":"https:\/\/leonardocotta.com.br\/index.php?rest_route=\/wp\/v2\/users\/1"}],"replies":[{"embeddable":true,"href":"https:\/\/leonardocotta.com.br\/index.php?rest_route=%2Fwp%2Fv2%2Fcomments&post=1088"}],"version-history":[{"count":0,"href":"https:\/\/leonardocotta.com.br\/index.php?rest_route=\/wp\/v2\/posts\/1088\/revisions"}],"wp:attachment":[{"href":"https:\/\/leonardocotta.com.br\/index.php?rest_route=%2Fwp%2Fv2%2Fmedia&parent=1088"}],"wp:term":[{"taxonomy":"category","embeddable":true,"href":"https:\/\/leonardocotta.com.br\/index.php?rest_route=%2Fwp%2Fv2%2Fcategories&post=1088"},{"taxonomy":"post_tag","embeddable":true,"href":"https:\/\/leonardocotta.com.br\/index.php?rest_route=%2Fwp%2Fv2%2Ftags&post=1088"}],"curies":[{"name":"wp","href":"https:\/\/api.w.org\/{rel}","templated":true}]}}